{"id":559,"date":"2026-04-27T16:05:53","date_gmt":"2026-04-27T16:05:53","guid":{"rendered":"https:\/\/croixrougecentrafrique.org\/?p=559"},"modified":"2026-04-27T16:08:31","modified_gmt":"2026-04-27T16:08:31","slug":"lancement-officiel-des-activites-de-la-celebration-de-la-journee-mondiale-de-la-croix-rouge-et-du-croissant-rouge-a-bangui","status":"publish","type":"post","link":"https:\/\/croixrougecentrafrique.org\/?p=559","title":{"rendered":"LANCEMENT OFFICIEL DES ACTIVITES DE LA CELEBRATION DE LA JOURNEE MONDIALE DE LA CROIX-ROUGE ET DU CROISSANT-ROUGE A BANGUI"},"content":{"rendered":"\n<p>C&rsquo;est lors d&rsquo;une conf\u00e9rence de presse ce 27 Avril 2026 que le Pr\u00e9sident national de la Croix-Rouge Centrafricaine le Pasteur Sup\u00e9rieur Antoine MBAO BOGO a lanc\u00e9 officiellement la tenue des activit\u00e9s inscrites dans le cadre de la c\u00e9l\u00e9bration de la journ\u00e9e mondiale de la Croix-Rouge et du Croissant-Rouge. Il \u00e9tait accompagn\u00e9 des membres du Mouvement (le CICR et la FICR) ainsi que les Soci\u00e9t\u00e9s s\u0153urs ce jour. Dans son allocution, elle a pass\u00e9 en revue le cadre de collaboration avec les partenaires, les difficult\u00e9s, les d\u00e9fis ainsi que les activit\u00e9s d\u00e9j\u00e0 r\u00e9alis\u00e9es. Il a pr\u00e9cis\u00e9 que des s\u00e9ries d&rsquo;activit\u00e9s seront faites avant cette date au sein de la communaut\u00e9 et la c\u00e9l\u00e9bration officielle aura lieu \u00e0 Berberati le 08 Mai 2026. Il est \u00e0 noter que le th\u00e8me retenu de cette ann\u00e9e est \u00a0\u00bb <strong>Unis dans l&rsquo;humanit\u00e9 <\/strong>\u00ab\u00a0. D\u00e9couvrons tout le contenu du discours du Pr\u00e9sident national ci-dessous.<\/p>\n\n\n\n<p>Chaque ann\u00e9e, le Mouvement Croix-Rouge et du Croissant-Rouge c\u00e9l\u00e8bre la journ\u00e9e mondiale de la Croix-Rouge. C\u2019est aussi parfois l\u2019opportunit\u00e9 pour la CRCA de passer en revue ses activit\u00e9s r\u00e9alis\u00e9es, les difficult\u00e9s rencontr\u00e9es, les approches de solution et ainsi que des perspectives pour un futur meilleur.<\/p>\n\n\n\n<p>Pour le Mouvement Croix-Rouge, le 8 mai n\u2019est pas qu&rsquo;une simple date sur notre calendrier. C\u2019est le moment o\u00f9, partout dans le monde, nous c\u00e9l\u00e9brons la force du lien qui nous unit \u00e0 ceux qui souffrent. Cette ann\u00e9e 2026, nous le faisons sous un th\u00e8me \u00e9vocateur :&nbsp;<strong>\u00ab Unis dans l&rsquo;humanit\u00e9 \u00bb<\/strong>.<\/p>\n\n\n\n<figure class=\"wp-block-image size-large\"><img loading=\"lazy\" decoding=\"async\" width=\"1024\" height=\"575\" src=\"https:\/\/croixrougecentrafrique.org\/wp-content\/uploads\/2026\/04\/WhatsApp-Image-2026-04-27-at-16.28.41-1024x575.jpeg\" alt=\"\" class=\"wp-image-561\" srcset=\"https:\/\/croixrougecentrafrique.org\/wp-content\/uploads\/2026\/04\/WhatsApp-Image-2026-04-27-at-16.28.41-1024x575.jpeg 1024w, https:\/\/croixrougecentrafrique.org\/wp-content\/uploads\/2026\/04\/WhatsApp-Image-2026-04-27-at-16.28.41-300x168.jpeg 300w, https:\/\/croixrougecentrafrique.org\/wp-content\/uploads\/2026\/04\/WhatsApp-Image-2026-04-27-at-16.28.41-768x431.jpeg 768w, https:\/\/croixrougecentrafrique.org\/wp-content\/uploads\/2026\/04\/WhatsApp-Image-2026-04-27-at-16.28.41.jpeg 1080w\" sizes=\"auto, (max-width: 1024px) 100vw, 1024px\" \/><\/figure>\n\n\n\n<p>Ce th\u00e8me r\u00e9sonne profond\u00e9ment dans notre contexte centrafricain. Il nous rappelle que malgr\u00e9 nos diff\u00e9rences, nos fronti\u00e8res ou nos \u00e9preuves, c\u2019est notre humanit\u00e9 commune qui doit pouvoir guider chaque geste.<\/p>\n\n\n\n<p>Ma pr\u00e9sence ici, entour\u00e9 de nos partenaires du&nbsp;<strong>CICR<\/strong>, de la&nbsp;<strong>FICR<\/strong>, et des&nbsp;<strong>Croix-Rouge N\u00e9erlandaise et Fran\u00e7aise<\/strong>, illustre parfaitement cette unit\u00e9. Gr\u00e2ce \u00e0 leur soutien ind\u00e9fectible, la Croix-Rouge Centrafricaine parvient \u00e0 redonner espoir l\u00e0 o\u00f9 le d\u00e9sespoir s&rsquo;installe. Qu\u2019il s\u2019agisse de la protection, de l\u2019\u00e9ducation, de l\u2019acc\u00e8s \u00e0 l\u2019eau potable, de la sant\u00e9 maternelle, de la pr\u00e9vention et de la gestion des catastrophes, nous sommes toujours pr\u00eats, pr\u00e9sents avec et pour la communaut\u00e9 et c\u2019est le vrai sens de notre th\u00e8me cette ann\u00e9e,&nbsp;<strong>\u00ab Unis dans l&rsquo;humanit\u00e9 \u00bb<\/strong>.Mais notre mission ne s&rsquo;arr\u00eate pas au constat. Elle se renouvelle par l&rsquo;action.<\/p>\n\n\n\n<p><strong>Chers partenaires<\/strong><\/p>\n\n\n\n<p><strong>Tr\u00e8s chers professionnels des m\u00e9dias&nbsp;;<\/strong><\/p>\n\n\n\n<p>J\u2019ai le plaisir de vous annoncer le lancement, d\u00e8s ce jour, d&rsquo;une vaste campagne de proximit\u00e9 dans plusieurs&nbsp;<strong>lyc\u00e9es de la ville de Bangui<\/strong>&nbsp;pour deux missions essentielles.<\/p>\n\n\n\n<ol class=\"wp-block-list\">\n<li><strong>La compr\u00e9hension de la connaissance du Mouvement :<\/strong>\u00a0Pour que nos jeunes comprennent mieux le Mouvement Croix-Rouge, qui sommes-nous, que faisons-nous et surtout que la Croix-Rouge Centrafricaine est une institution humanitaire reconnue par ordonnance, auxiliaire des pouvoirs publics plus proche de la communaut\u00e9.<\/li>\n\n\n\n<li><strong>L&rsquo;apprentissage des gestes qui sauvent :<\/strong>\u00a0Nous souhaitons que chaque lyc\u00e9en\/ne devienne le premier maillon de la cha\u00eene de secours, capable d&rsquo;intervenir face \u00e0 un accident, un malaise ou toute autre situation d\u2019urgence. Former la jeunesse, c\u2019est pr\u00e9parer une nation r\u00e9siliente, les leaders de demain.<\/li>\n<\/ol>\n\n\n\n<p>Enfin, je tiens \u00e0 partager une nouvelle importante. Les activit\u00e9s sont lanc\u00e9s ici \u00e0 Bangui, mais pour marquer notre vision de d\u00e9centralisation, la&nbsp;<strong> c\u00e9l\u00e9bration officielle<\/strong>&nbsp; cette ann\u00e9e 2026 se tiendra \u00e0&nbsp;<strong>Berberati<\/strong>. Nous irons \u00e0 la rencontre de nos communaut\u00e9s de la Mamb\u00e9r\u00e9-Kad\u00e9\u00ef afin de c\u00e9l\u00e9brer notre engagement commun.<\/p>\n\n\n\n<p>\u00c0 nos volontaires, je dis : soyez fiers de vos gilets et de vos dossards car l\u2019humanit\u00e9 sait ce que cela repr\u00e9sente pour elle. Aux m\u00e9dias, je dis : aidez-nous \u00e0 porter ce message de paix ici et ailleurs.<\/p>\n\n\n\n\n\n<p>Restons&nbsp;<strong>Unis dans l&rsquo;humanit\u00e9<\/strong>.<\/p>\n\n\n\n<p>En d\u00e9pit de tout cela, nous nous confrontons \u00e0 des difficult\u00e9s qui ne nous donnent pas la possibilit\u00e9 de soulager la souffrance du Centrafricain vuln\u00e9rable des diff\u00e9rentes situations de la vie. Ces difficult\u00e9s sont d\u2019ordre mat\u00e9riel et financier. Mais je voudrais vous rassurer que ces difficult\u00e9s ne nous emp\u00eacheront pas de pleinement assumer et assurer notre mission qui est celle de pr\u00e9venir et d\u2019all\u00e9ger les souffrances des personnes vuln\u00e9rables.<\/p>\n\n\n\n<p><strong>Chers professionnels des m\u00e9dias<\/strong><\/p>\n\n\n\n<p><strong>Mesdames et Messieurs<\/strong><\/p>\n\n\n\n<p>Je profite de votre micro pour saluer l\u2019engagement, l\u2019appui et la d\u00e9termination des partenaires du Mouvement et des Soci\u00e9t\u00e9s nationales s\u0153urs ici pr\u00e9sents y compris le gouvernement par le truchement du Minist\u00e8re de l\u2019Action Humanitaire, de la Solidarit\u00e9 et de la R\u00e9conciliation nationale ainsi que le Minist\u00e8re de la Sant\u00e9 et de la population qui ne cessent de porter main forte \u00e0 la Soci\u00e9t\u00e9 nationale afin de soutenir du mieux possible les personnes vuln\u00e9rables.<\/p>\n\n\n\n<p>Avec la reprise de nos formations en premiers secours, nous comptons avoir des secouristes dans chaque famille, dans chaque service afin que notre volet de la pr\u00e9vention soit pleinement accompli.<\/p>\n\n\n\n<p><br><strong>Vive le Mouvement International !<\/strong><\/p>\n\n\n\n<p><strong>Vive la Croix-Rouge Centrafricaine !<\/strong><\/p>\n\n\n\n<p><strong>Que Dieu vous b\u00e9nisse&nbsp;!<\/strong><\/p>\n\n\n\n<p><\/p>\n","protected":false},"excerpt":{"rendered":"<p>C&rsquo;est lors d&rsquo;une conf\u00e9rence de presse ce 27 Avril 2026 que le Pr\u00e9sident national de&#8230;<\/p>\n","protected":false},"author":3,"featured_media":560,"comment_status":"open","ping_status":"open","sticky":false,"template":"","format":"standard","meta":{"footnotes":""},"categories":[14,4],"tags":[],"class_list":["post-559","post","type-post","status-publish","format-standard","has-post-thumbnail","hentry","category-activite","category-actualites"],"featured_image_urls":{"full":["https:\/\/croixrougecentrafrique.org\/wp-content\/uploads\/2026\/04\/WhatsApp-Image-2026-04-27-at-16.29.45.jpeg",1080,606,false],"thumbnail":["https:\/\/croixrougecentrafrique.org\/wp-content\/uploads\/2026\/04\/WhatsApp-Image-2026-04-27-at-16.29.45-150x150.jpeg",150,150,true],"medium":["https:\/\/croixrougecentrafrique.org\/wp-content\/uploads\/2026\/04\/WhatsApp-Image-2026-04-27-at-16.29.45-300x168.jpeg",300,168,true],"medium_large":["https:\/\/croixrougecentrafrique.org\/wp-content\/uploads\/2026\/04\/WhatsApp-Image-2026-04-27-at-16.29.45-768x431.jpeg",640,359,true],"large":["https:\/\/croixrougecentrafrique.org\/wp-content\/uploads\/2026\/04\/WhatsApp-Image-2026-04-27-at-16.29.45-1024x575.jpeg",640,359,true],"1536x1536":["https:\/\/croixrougecentrafrique.org\/wp-content\/uploads\/2026\/04\/WhatsApp-Image-2026-04-27-at-16.29.45.jpeg",1080,606,false],"2048x2048":["https:\/\/croixrougecentrafrique.org\/wp-content\/uploads\/2026\/04\/WhatsApp-Image-2026-04-27-at-16.29.45.jpeg",1080,606,false],"covernews-featured":["https:\/\/croixrougecentrafrique.org\/wp-content\/uploads\/2026\/04\/WhatsApp-Image-2026-04-27-at-16.29.45-1024x575.jpeg",1024,575,true],"covernews-medium":["https:\/\/croixrougecentrafrique.org\/wp-content\/uploads\/2026\/04\/WhatsApp-Image-2026-04-27-at-16.29.45-540x340.jpeg",540,340,true]},"author_info":{"info":["Bienvenu Douma"]},"category_info":"<a href=\"https:\/\/croixrougecentrafrique.org\/?cat=14\" rel=\"category\">ACTIVITE<\/a> <a href=\"https:\/\/croixrougecentrafrique.org\/?cat=4\" rel=\"category\">ACTUALITES<\/a>","tag_info":"ACTUALITES","comment_count":"0","_links":{"self":[{"href":"https:\/\/croixrougecentrafrique.org\/index.php?rest_route=\/wp\/v2\/posts\/559","targetHints":{"allow":["GET"]}}],"collection":[{"href":"https:\/\/croixrougecentrafrique.org\/index.php?rest_route=\/wp\/v2\/posts"}],"about":[{"href":"https:\/\/croixrougecentrafrique.org\/index.php?rest_route=\/wp\/v2\/types\/post"}],"author":[{"embeddable":true,"href":"https:\/\/croixrougecentrafrique.org\/index.php?rest_route=\/wp\/v2\/users\/3"}],"replies":[{"embeddable":true,"href":"https:\/\/croixrougecentrafrique.org\/index.php?rest_route=%2Fwp%2Fv2%2Fcomments&post=559"}],"version-history":[{"count":2,"href":"https:\/\/croixrougecentrafrique.org\/index.php?rest_route=\/wp\/v2\/posts\/559\/revisions"}],"predecessor-version":[{"id":565,"href":"https:\/\/croixrougecentrafrique.org\/index.php?rest_route=\/wp\/v2\/posts\/559\/revisions\/565"}],"wp:featuredmedia":[{"embeddable":true,"href":"https:\/\/croixrougecentrafrique.org\/index.php?rest_route=\/wp\/v2\/media\/560"}],"wp:attachment":[{"href":"https:\/\/croixrougecentrafrique.org\/index.php?rest_route=%2Fwp%2Fv2%2Fmedia&parent=559"}],"wp:term":[{"taxonomy":"category","embeddable":true,"href":"https:\/\/croixrougecentrafrique.org\/index.php?rest_route=%2Fwp%2Fv2%2Fcategories&post=559"},{"taxonomy":"post_tag","embeddable":true,"href":"https:\/\/croixrougecentrafrique.org\/index.php?rest_route=%2Fwp%2Fv2%2Ftags&post=559"}],"curies":[{"name":"wp","href":"https:\/\/api.w.org\/{rel}","templated":true}]}}