{"id":566,"date":"2026-04-29T21:10:25","date_gmt":"2026-04-29T21:10:25","guid":{"rendered":"https:\/\/croixrougecentrafrique.org\/?p=566"},"modified":"2026-04-30T05:39:24","modified_gmt":"2026-04-30T05:39:24","slug":"echange-fructueux-entre-la-croix-rouge-centrafricaine-et-lambassade-de-france","status":"publish","type":"post","link":"https:\/\/croixrougecentrafrique.org\/?p=566","title":{"rendered":"ECHANGE FRUCTUEUX ENTRE LA CROIX-ROUGE CENTRAFRICAINE ET L\u2019AMBASSADE DE FRANCE"},"content":{"rendered":"\n<p><strong>Un temps d\u2019\u00e9change ce 29 Avril 2026 a eu lieu entre la Croix-Rouge Centrafricaine et l\u2019Ambassade de France en Centrafrique repr\u00e9sent\u00e9e par Mme Chlo\u00e9 Queudray, attach\u00e9e \u00e0 la coop\u00e9ration humanitaire et le Pr. Christophe Vanhecke Conseiller r\u00e9gional en sant\u00e9 mondiale Cameroun-Tchad-RCA au sein de l\u2019Institut Universitaire de Formation Param\u00e9dicale de la CRCA.<\/strong><\/p>\n\n\n\n<figure class=\"wp-block-image size-large\"><img loading=\"lazy\" decoding=\"async\" width=\"1024\" height=\"454\" src=\"https:\/\/croixrougecentrafrique.org\/wp-content\/uploads\/2026\/04\/IMG_20260429_214648_317@-71645584-1024x454.jpg\" alt=\"\" class=\"wp-image-568\" srcset=\"https:\/\/croixrougecentrafrique.org\/wp-content\/uploads\/2026\/04\/IMG_20260429_214648_317@-71645584-1024x454.jpg 1024w, https:\/\/croixrougecentrafrique.org\/wp-content\/uploads\/2026\/04\/IMG_20260429_214648_317@-71645584-300x133.jpg 300w, https:\/\/croixrougecentrafrique.org\/wp-content\/uploads\/2026\/04\/IMG_20260429_214648_317@-71645584-768x340.jpg 768w, https:\/\/croixrougecentrafrique.org\/wp-content\/uploads\/2026\/04\/IMG_20260429_214648_317@-71645584-1536x681.jpg 1536w, https:\/\/croixrougecentrafrique.org\/wp-content\/uploads\/2026\/04\/IMG_20260429_214648_317@-71645584-2048x908.jpg 2048w\" sizes=\"auto, (max-width: 1024px) 100vw, 1024px\" \/><\/figure>\n\n\n\n<p>Sous la pr\u00e9sidence du Pr\u00e9sident national de la CRCA Pasteur Sup\u00e9rieur <strong>Antoine MBAO BOGO<\/strong>, une pr\u00e9sentation a \u00e9t\u00e9 faite par la Secr\u00e9taire G\u00e9n\u00e9rale de la Croix-Rouge Centrafricaine Mme <strong>Danielle SEREFIO-FE\u00cfNDIRO<\/strong> assist\u00e9 du Directeur de l\u2019IUFP M. <strong>Grace A Dieu KOSSEDE<\/strong> et du Chef de D\u00e9partement Sant\u00e9 \u00e0 la CRCA Dr <strong>L\u00e9andre Nestor MANDAZIMBALLAH<\/strong>. Ladite pr\u00e9sentation portait sur un aper\u00e7u global humanitaire en Centrafrique, les activit\u00e9s de la Croix-Rouge Centrafricaine de l\u2019ann\u00e9e 2025, les difficult\u00e9s ainsi que ses perspectives. En faisant un peu le tour d\u2019horizon de la forte capacit\u00e9 de la Soci\u00e9t\u00e9 nationale en mati\u00e8re des ressources humaines et des interventions de terrain pour le bien de la communaut\u00e9, elle a \u00e9galement fait part de l\u2019autonomie et de la transparence de la gestion financi\u00e8re des diff\u00e9rents fonds dans le cadre des projets et autres.<\/p>\n\n\n\n<figure class=\"wp-block-image size-large\"><img loading=\"lazy\" decoding=\"async\" width=\"1024\" height=\"454\" src=\"https:\/\/croixrougecentrafrique.org\/wp-content\/uploads\/2026\/04\/IMG_20260429_214552_529@1294100715-1024x454.jpg\" alt=\"\" class=\"wp-image-569\" srcset=\"https:\/\/croixrougecentrafrique.org\/wp-content\/uploads\/2026\/04\/IMG_20260429_214552_529@1294100715-1024x454.jpg 1024w, https:\/\/croixrougecentrafrique.org\/wp-content\/uploads\/2026\/04\/IMG_20260429_214552_529@1294100715-300x133.jpg 300w, https:\/\/croixrougecentrafrique.org\/wp-content\/uploads\/2026\/04\/IMG_20260429_214552_529@1294100715-768x340.jpg 768w, https:\/\/croixrougecentrafrique.org\/wp-content\/uploads\/2026\/04\/IMG_20260429_214552_529@1294100715-1536x681.jpg 1536w, https:\/\/croixrougecentrafrique.org\/wp-content\/uploads\/2026\/04\/IMG_20260429_214552_529@1294100715-2048x908.jpg 2048w\" sizes=\"auto, (max-width: 1024px) 100vw, 1024px\" \/><\/figure>\n\n\n\n<p>Cette approche qui a \u00e9difi\u00e9 les deux repr\u00e9sentants de l\u2019Ambassade a \u00e9t\u00e9 une occasion \u00e9galement pour eux de voir les diff\u00e9rents angles d\u2019intervention de la Croix-Rouge Centrafricaine. \u00ab&nbsp;Je ne savais pas que la Croix-Rouge Centrafricaine intervient dans plusieurs de ces domaines&nbsp;\u00bb dixit le Conseiller r\u00e9gional en sant\u00e9 mondiale Cameroun-Tchad-RCA le Pr <strong>Christophe Vanhecke<\/strong>.<\/p>\n\n\n\n<figure class=\"wp-block-image size-large\"><img loading=\"lazy\" decoding=\"async\" width=\"1024\" height=\"732\" src=\"https:\/\/croixrougecentrafrique.org\/wp-content\/uploads\/2026\/04\/IMG_20260429_214522_178@-1524151260-1024x732.jpg\" alt=\"\" class=\"wp-image-570\" srcset=\"https:\/\/croixrougecentrafrique.org\/wp-content\/uploads\/2026\/04\/IMG_20260429_214522_178@-1524151260-1024x732.jpg 1024w, https:\/\/croixrougecentrafrique.org\/wp-content\/uploads\/2026\/04\/IMG_20260429_214522_178@-1524151260-300x214.jpg 300w, https:\/\/croixrougecentrafrique.org\/wp-content\/uploads\/2026\/04\/IMG_20260429_214522_178@-1524151260-768x549.jpg 768w, https:\/\/croixrougecentrafrique.org\/wp-content\/uploads\/2026\/04\/IMG_20260429_214522_178@-1524151260-1536x1098.jpg 1536w, https:\/\/croixrougecentrafrique.org\/wp-content\/uploads\/2026\/04\/IMG_20260429_214522_178@-1524151260-2048x1464.jpg 2048w\" sizes=\"auto, (max-width: 1024px) 100vw, 1024px\" \/><\/figure>\n\n\n\n<p>Ce moment d\u2019\u00e9change entre la CRCA et l\u2019Ambassade de France en Centrafrique a \u00e9t\u00e9 une occasion selon le Pr\u00e9sident national pour les deux partenaires de se comprendre et de voir dans quelle mesure elles pourraient conjuguer les efforts pour une cause commune au milieu humanitaire.<\/p>\n\n\n\n<p>ComCRCA<\/p>\n","protected":false},"excerpt":{"rendered":"<p>Un temps d\u2019\u00e9change ce 29 Avril 2026 a eu lieu entre la Croix-Rouge Centrafricaine et&#8230;<\/p>\n","protected":false},"author":3,"featured_media":567,"comment_status":"open","ping_status":"open","sticky":false,"template":"","format":"standard","meta":{"footnotes":""},"categories":[14,4,9],"tags":[],"class_list":["post-566","post","type-post","status-publish","format-standard","has-post-thumbnail","hentry","category-activite","category-actualites","category-croix-rouge-centrafricaine"],"featured_image_urls":{"full":["https:\/\/croixrougecentrafrique.org\/wp-content\/uploads\/2026\/04\/IMG_20260429_135756_251@819105605-scaled.jpg",2560,1135,false],"thumbnail":["https:\/\/croixrougecentrafrique.org\/wp-content\/uploads\/2026\/04\/IMG_20260429_135756_251@819105605-150x150.jpg",150,150,true],"medium":["https:\/\/croixrougecentrafrique.org\/wp-content\/uploads\/2026\/04\/IMG_20260429_135756_251@819105605-300x133.jpg",300,133,true],"medium_large":["https:\/\/croixrougecentrafrique.org\/wp-content\/uploads\/2026\/04\/IMG_20260429_135756_251@819105605-768x340.jpg",640,283,true],"large":["https:\/\/croixrougecentrafrique.org\/wp-content\/uploads\/2026\/04\/IMG_20260429_135756_251@819105605-1024x454.jpg",640,284,true],"1536x1536":["https:\/\/croixrougecentrafrique.org\/wp-content\/uploads\/2026\/04\/IMG_20260429_135756_251@819105605-1536x681.jpg",1536,681,true],"2048x2048":["https:\/\/croixrougecentrafrique.org\/wp-content\/uploads\/2026\/04\/IMG_20260429_135756_251@819105605-2048x908.jpg",2048,908,true],"covernews-featured":["https:\/\/croixrougecentrafrique.org\/wp-content\/uploads\/2026\/04\/IMG_20260429_135756_251@819105605-1024x454.jpg",1024,454,true],"covernews-medium":["https:\/\/croixrougecentrafrique.org\/wp-content\/uploads\/2026\/04\/IMG_20260429_135756_251@819105605-540x340.jpg",540,340,true]},"author_info":{"info":["Bienvenu Douma"]},"category_info":"<a href=\"https:\/\/croixrougecentrafrique.org\/?cat=14\" rel=\"category\">ACTIVITE<\/a> <a href=\"https:\/\/croixrougecentrafrique.org\/?cat=4\" rel=\"category\">ACTUALITES<\/a> <a href=\"https:\/\/croixrougecentrafrique.org\/?cat=9\" rel=\"category\">CROIX ROUGE CENTRAFRICAINE<\/a>","tag_info":"CROIX ROUGE CENTRAFRICAINE","comment_count":"0","_links":{"self":[{"href":"https:\/\/croixrougecentrafrique.org\/index.php?rest_route=\/wp\/v2\/posts\/566","targetHints":{"allow":["GET"]}}],"collection":[{"href":"https:\/\/croixrougecentrafrique.org\/index.php?rest_route=\/wp\/v2\/posts"}],"about":[{"href":"https:\/\/croixrougecentrafrique.org\/index.php?rest_route=\/wp\/v2\/types\/post"}],"author":[{"embeddable":true,"href":"https:\/\/croixrougecentrafrique.org\/index.php?rest_route=\/wp\/v2\/users\/3"}],"replies":[{"embeddable":true,"href":"https:\/\/croixrougecentrafrique.org\/index.php?rest_route=%2Fwp%2Fv2%2Fcomments&post=566"}],"version-history":[{"count":2,"href":"https:\/\/croixrougecentrafrique.org\/index.php?rest_route=\/wp\/v2\/posts\/566\/revisions"}],"predecessor-version":[{"id":573,"href":"https:\/\/croixrougecentrafrique.org\/index.php?rest_route=\/wp\/v2\/posts\/566\/revisions\/573"}],"wp:featuredmedia":[{"embeddable":true,"href":"https:\/\/croixrougecentrafrique.org\/index.php?rest_route=\/wp\/v2\/media\/567"}],"wp:attachment":[{"href":"https:\/\/croixrougecentrafrique.org\/index.php?rest_route=%2Fwp%2Fv2%2Fmedia&parent=566"}],"wp:term":[{"taxonomy":"category","embeddable":true,"href":"https:\/\/croixrougecentrafrique.org\/index.php?rest_route=%2Fwp%2Fv2%2Fcategories&post=566"},{"taxonomy":"post_tag","embeddable":true,"href":"https:\/\/croixrougecentrafrique.org\/index.php?rest_route=%2Fwp%2Fv2%2Ftags&post=566"}],"curies":[{"name":"wp","href":"https:\/\/api.w.org\/{rel}","templated":true}]}}